{"id":1471,"date":"2026-08-18T08:06:21","date_gmt":"2026-08-18T06:06:21","guid":{"rendered":"https:\/\/ocd.be\/?p=1471"},"modified":"2026-08-18T08:06:21","modified_gmt":"2026-08-18T06:06:21","slug":"ocd-op-cafe-met-ismael-ben-al-lal","status":"publish","type":"post","link":"https:\/\/ocd.be\/?p=1471","title":{"rendered":"OCD &#8216;Op caf\u00e9 met &#8230; Isma\u00ebl Ben-Al-Lal"},"content":{"rendered":"\n<figure class=\"wp-block-image\"><img decoding=\"async\" src=\"https:\/\/file-eu.clickdimensions.com\/vokabe-abfd9\/files\/ocdinfoavond1.png\" alt=\"\"\/><\/figure>\n\n\n\n<p>Beste  ondernemer<\/p>\n\n\n\n<p><strong>Op caf\u00e9 met &#8230; ondernemer Isma\u00ebl Ben-Al-Lal<\/strong><\/p>\n\n\n\n<p>De stuurgroep van Ondernemersclub Diepenbeek nodigt u met genoegen uit op een avond <\/p>\n\n\n\n<p>&#8216;Op caf\u00e9 met &#8230;.&#8217;.&nbsp;<\/p>\n\n\n\n<p>Onze gast op deze eerste &#8216;Op caf\u00e9 met&#8230;&#8217; is Isma\u00ebl Ben-Al-Lal, gedreven ondernemer en baas van energiebedrijven Futech en ILumen in Tessenderlo. Hij brengt zijn ondernemersverhaal &#8216;aan de toog&#8217;.&nbsp;<\/p>\n\n\n\n<p>Aarzel niet en schrijf u in voor deze eerste editie die doorgaat op maandag 21 september 2026.<\/p>\n\n\n\n<p><em>Indien u vragen heeft die u zeker aan Isma\u00ebl wenst te stellen (over hernieuwbare energietechnologie\u00ebn, installaties, &#8230;) mag u ons die op voorhand bezorgen.<\/em><\/p>\n\n\n\n<p><a href=\"https:\/\/www.voka.be\/limburg\/activiteiten\/ocd-op-cafe-met-ondernemer-ismael-ben-al-lal\"><strong>Inschrijven<\/strong><\/a><\/p>\n\n\n\n<p><strong>Programma<\/strong>                                                                                                                  <\/p>\n\n\n\n<ul>\n<li><strong>19u00<\/strong> &#8211; Ontvangst<\/li>\n\n\n\n<li><strong>19u30 <\/strong>&#8211; Isma\u00ebl Ben-Al-Lal aan de toog<\/li>\n\n\n\n<li><strong>20u00<\/strong> &#8211; Q&amp;A<\/li>\n\n\n\n<li><strong>20u30<\/strong> &#8211; Frietjes\/snacks<\/li>\n\n\n\n<li><strong>22u30<\/strong> &#8211; Voorzien einde<\/li>\n<\/ul>\n\n\n\n<figure class=\"wp-block-table\"><table><tbody><tr><td><strong>Wanneer?<\/strong><br>Maandag 21 september 2026: 19u00 -22u30<br><strong>Waar?<\/strong>&nbsp;Caf\u00e9 Ganzenbroek Stationsstraat 29 3590 Diepenbeek<br><strong>Prijs?<\/strong>&nbsp;OCD-leden: \u20ac 25,00 p.p. excl. BTW <em>(voor leden en hun gasten)&nbsp;<\/em>&nbsp;Niet-leden: \u20ac 45,00&nbsp; p.p. excl. BTW&nbsp;<\/td><\/tr><\/tbody><\/table><figcaption class=\"wp-element-caption\"><br>We kijken er alvast naar uit u te mogen verwelkomen.&nbsp;<br>&nbsp;<br>Met warme groet<br>Het bestuur van <a href=\"https:\/\/www.voka.be\/limburg\/ondernemersclubs\/ondernemersclub-diepenbeek\"><u>Ondernemersclub Diepenbeek<\/u><\/a><\/figcaption><\/figure>\n\n\n\n<figure class=\"wp-block-image is-resized\"><img decoding=\"async\" src=\"https:\/\/file-eu.clickdimensions.com\/vokabe-abfd9\/files\/ocd_logo_nieuwcopy.png\" alt=\"\" style=\"aspect-ratio:0.8516579406631762;width:119px;height:auto\"\/><\/figure>\n\n\n\n<figure class=\"wp-block-image is-resized\"><img decoding=\"async\" src=\"https:\/\/file-eu.clickdimensions.com\/vokabe-abfd9\/files\/bannerocd.png\" alt=\"\" style=\"aspect-ratio:4;width:856px;height:auto\"\/><\/figure>\n","protected":false},"excerpt":{"rendered":"<p>Beste ondernemer Op caf\u00e9 met &#8230; ondernemer Isma\u00ebl Ben-Al-Lal De stuurgroep van Ondernemersclub Diepenbeek nodigt u met genoegen uit op een avond &#8216;Op caf\u00e9 met &#8230;.&#8217;.&nbsp; Onze gast op deze eerste &#8216;Op caf\u00e9 met&#8230;&#8217; is Isma\u00ebl Ben-Al-Lal, gedreven ondernemer en baas van energiebedrijven Futech en ILumen in Tessenderlo. Hij brengt zijn ondernemersverhaal &#8216;aan de toog&#8217;.&nbsp; [&hellip;]<\/p>\n","protected":false},"author":6,"featured_media":0,"comment_status":"open","ping_status":"open","sticky":false,"template":"","format":"standard","meta":{"footnotes":""},"categories":[1],"tags":[],"_links":{"self":[{"href":"https:\/\/ocd.be\/index.php?rest_route=\/wp\/v2\/posts\/1471"}],"collection":[{"href":"https:\/\/ocd.be\/index.php?rest_route=\/wp\/v2\/posts"}],"about":[{"href":"https:\/\/ocd.be\/index.php?rest_route=\/wp\/v2\/types\/post"}],"author":[{"embeddable":true,"href":"https:\/\/ocd.be\/index.php?rest_route=\/wp\/v2\/users\/6"}],"replies":[{"embeddable":true,"href":"https:\/\/ocd.be\/index.php?rest_route=%2Fwp%2Fv2%2Fcomments&post=1471"}],"version-history":[{"count":8,"href":"https:\/\/ocd.be\/index.php?rest_route=\/wp\/v2\/posts\/1471\/revisions"}],"predecessor-version":[{"id":1479,"href":"https:\/\/ocd.be\/index.php?rest_route=\/wp\/v2\/posts\/1471\/revisions\/1479"}],"wp:attachment":[{"href":"https:\/\/ocd.be\/index.php?rest_route=%2Fwp%2Fv2%2Fmedia&parent=1471"}],"wp:term":[{"taxonomy":"category","embeddable":true,"href":"https:\/\/ocd.be\/index.php?rest_route=%2Fwp%2Fv2%2Fcategories&post=1471"},{"taxonomy":"post_tag","embeddable":true,"href":"https:\/\/ocd.be\/index.php?rest_route=%2Fwp%2Fv2%2Ftags&post=1471"}],"curies":[{"name":"wp","href":"https:\/\/api.w.org\/{rel}","templated":true}]}}